{"id":370,"date":"2023-12-01T08:44:33","date_gmt":"2023-12-01T08:44:33","guid":{"rendered":"https:\/\/tp1.forschungsgruppe-pronomen.de\/?p=370"},"modified":"2023-12-01T08:44:33","modified_gmt":"2023-12-01T08:44:33","slug":"konferenz-pronomen-im-alltag","status":"publish","type":"post","link":"https:\/\/tp5.forschungsgruppe-pronomen.de\/en\/konferenz-pronomen-im-alltag\/","title":{"rendered":"Konferenz &#8222;Pronomen im Alltag&#8220;"},"content":{"rendered":"<p>Vom 22. bis 24. November findet unsere Tagung &#8222;Pronomen im Alltag&#8220; an der Universit\u00e4t Hamburg statt und wir freuen uns zahlreiche internationale G\u00e4ste begr\u00fc\u00dfen zu d\u00fcrfen. <\/p>\n\n\n\n<p>Unter folgender Adresse kommen Sie zur Veranstaltungsseite.<\/p>","protected":false},"excerpt":{"rendered":"<p>Vom 22. bis 24. November findet unsere Tagung &#8222;Pronomen im Alltag&#8220; an der Universit\u00e4t Hamburg statt und wir freuen uns zahlreiche internationale G\u00e4ste begr\u00fc\u00dfen zu d\u00fcrfen. Unter folgender Adresse kommen Sie zur Veranstaltungsseite.<\/p>","protected":false},"author":1,"featured_media":135,"comment_status":"open","ping_status":"open","sticky":false,"template":"","format":"standard","meta":{"site-container-style":"default","site-container-layout":"default","site-sidebar-layout":"default","disable-article-header":"default","disable-site-header":"default","disable-site-footer":"default","disable-content-area-spacing":"default","footnotes":""},"categories":[1],"tags":[],"class_list":["post-370","post","type-post","status-publish","format-standard","has-post-thumbnail","hentry","category-uncategorized"],"publishpress_future_action":{"enabled":false,"date":"2026-05-10 16:31:39","action":"change-status","newStatus":"draft","terms":[],"taxonomy":"category","extraData":[]},"publishpress_future_workflow_manual_trigger":{"enabledWorkflows":[]},"_links":{"self":[{"href":"https:\/\/tp5.forschungsgruppe-pronomen.de\/en\/wp-json\/wp\/v2\/posts\/370","targetHints":{"allow":["GET"]}}],"collection":[{"href":"https:\/\/tp5.forschungsgruppe-pronomen.de\/en\/wp-json\/wp\/v2\/posts"}],"about":[{"href":"https:\/\/tp5.forschungsgruppe-pronomen.de\/en\/wp-json\/wp\/v2\/types\/post"}],"author":[{"embeddable":true,"href":"https:\/\/tp5.forschungsgruppe-pronomen.de\/en\/wp-json\/wp\/v2\/users\/1"}],"replies":[{"embeddable":true,"href":"https:\/\/tp5.forschungsgruppe-pronomen.de\/en\/wp-json\/wp\/v2\/comments?post=370"}],"version-history":[{"count":1,"href":"https:\/\/tp5.forschungsgruppe-pronomen.de\/en\/wp-json\/wp\/v2\/posts\/370\/revisions"}],"predecessor-version":[{"id":371,"href":"https:\/\/tp5.forschungsgruppe-pronomen.de\/en\/wp-json\/wp\/v2\/posts\/370\/revisions\/371"}],"wp:featuredmedia":[{"embeddable":true,"href":"https:\/\/tp5.forschungsgruppe-pronomen.de\/en\/wp-json\/wp\/v2\/media\/135"}],"wp:attachment":[{"href":"https:\/\/tp5.forschungsgruppe-pronomen.de\/en\/wp-json\/wp\/v2\/media?parent=370"}],"wp:term":[{"taxonomy":"category","embeddable":true,"href":"https:\/\/tp5.forschungsgruppe-pronomen.de\/en\/wp-json\/wp\/v2\/categories?post=370"},{"taxonomy":"post_tag","embeddable":true,"href":"https:\/\/tp5.forschungsgruppe-pronomen.de\/en\/wp-json\/wp\/v2\/tags?post=370"}],"curies":[{"name":"wp","href":"https:\/\/api.w.org\/{rel}","templated":true}]}}