{"id":372,"date":"2023-12-01T08:45:15","date_gmt":"2023-12-01T08:45:15","guid":{"rendered":"https:\/\/tp1.forschungsgruppe-pronomen.de\/?p=372"},"modified":"2023-12-01T08:52:41","modified_gmt":"2023-12-01T08:52:41","slug":"neue-veroeffentlichung","status":"publish","type":"post","link":"https:\/\/tp5.forschungsgruppe-pronomen.de\/en\/neue-veroeffentlichung\/","title":{"rendered":"Neue Ver\u00f6ffentlichung"},"content":{"rendered":"<p>Soeben wurde die Ver\u00f6ffentlichung unserer Sammelbands angek\u00fcndigt:<\/p>\n\n\n\n<figure class=\"wp-block-table\"><table><tbody><tr><td>Bauer, Nathalie\/G\u00fcnthner, Susanne\/Schopf, Juliane (Hrsg.): Kommunikative Konstruktion von Normalit\u00e4ten in der Medizin \u2013 Gespr\u00e4chsanalytische Perspektiven. Berlin\/Boston: de Gruyter.<br><\/td><\/tr><\/tbody><\/table><\/figure>","protected":false},"excerpt":{"rendered":"<p>Soeben wurde die Ver\u00f6ffentlichung unserer Sammelbands angek\u00fcndigt: Bauer, Nathalie\/G\u00fcnthner, Susanne\/Schopf, Juliane (Hrsg.): Kommunikative Konstruktion von Normalit\u00e4ten in der Medizin \u2013 Gespr\u00e4chsanalytische Perspektiven. Berlin\/Boston: de Gruyter.<\/p>","protected":false},"author":1,"featured_media":375,"comment_status":"open","ping_status":"open","sticky":false,"template":"","format":"standard","meta":{"site-container-style":"default","site-container-layout":"default","site-sidebar-layout":"default","disable-article-header":"default","disable-site-header":"default","disable-site-footer":"default","disable-content-area-spacing":"default","footnotes":""},"categories":[1],"tags":[],"class_list":["post-372","post","type-post","status-publish","format-standard","has-post-thumbnail","hentry","category-uncategorized"],"publishpress_future_action":{"enabled":false,"date":"2026-05-10 16:34:24","action":"change-status","newStatus":"draft","terms":[],"taxonomy":"category","extraData":[]},"publishpress_future_workflow_manual_trigger":{"enabledWorkflows":[]},"_links":{"self":[{"href":"https:\/\/tp5.forschungsgruppe-pronomen.de\/en\/wp-json\/wp\/v2\/posts\/372","targetHints":{"allow":["GET"]}}],"collection":[{"href":"https:\/\/tp5.forschungsgruppe-pronomen.de\/en\/wp-json\/wp\/v2\/posts"}],"about":[{"href":"https:\/\/tp5.forschungsgruppe-pronomen.de\/en\/wp-json\/wp\/v2\/types\/post"}],"author":[{"embeddable":true,"href":"https:\/\/tp5.forschungsgruppe-pronomen.de\/en\/wp-json\/wp\/v2\/users\/1"}],"replies":[{"embeddable":true,"href":"https:\/\/tp5.forschungsgruppe-pronomen.de\/en\/wp-json\/wp\/v2\/comments?post=372"}],"version-history":[{"count":2,"href":"https:\/\/tp5.forschungsgruppe-pronomen.de\/en\/wp-json\/wp\/v2\/posts\/372\/revisions"}],"predecessor-version":[{"id":384,"href":"https:\/\/tp5.forschungsgruppe-pronomen.de\/en\/wp-json\/wp\/v2\/posts\/372\/revisions\/384"}],"wp:featuredmedia":[{"embeddable":true,"href":"https:\/\/tp5.forschungsgruppe-pronomen.de\/en\/wp-json\/wp\/v2\/media\/375"}],"wp:attachment":[{"href":"https:\/\/tp5.forschungsgruppe-pronomen.de\/en\/wp-json\/wp\/v2\/media?parent=372"}],"wp:term":[{"taxonomy":"category","embeddable":true,"href":"https:\/\/tp5.forschungsgruppe-pronomen.de\/en\/wp-json\/wp\/v2\/categories?post=372"},{"taxonomy":"post_tag","embeddable":true,"href":"https:\/\/tp5.forschungsgruppe-pronomen.de\/en\/wp-json\/wp\/v2\/tags?post=372"}],"curies":[{"name":"wp","href":"https:\/\/api.w.org\/{rel}","templated":true}]}}